{"id":386,"date":"2021-12-15T17:56:09","date_gmt":"2021-12-15T17:56:09","guid":{"rendered":"https:\/\/saydamexpres.com\/?p=386"},"modified":"2021-12-16T13:14:24","modified_gmt":"2021-12-16T13:14:24","slug":"sehirlerarasi-nakliyat","status":"publish","type":"post","link":"https:\/\/saydamexpres.com\/index.php\/2021\/12\/15\/sehirlerarasi-nakliyat\/","title":{"rendered":"\u015eehirleraras\u0131 Nakliyat"},"content":{"rendered":"\n<p>Saydam expres olarak t\u00fcm T\u00fcrkiye de m\u00fc\u015fterilerimize hizmet vermekteyiz . \u015eehirler aras\u0131 ta\u015f\u0131mac\u0131l\u0131k olarak en \u00e7ok tercih edilen firmalar aras\u0131nday\u0131z .Bir  \u015fehirden ba\u015fka bir \u015fehir e ta\u015f\u0131nmak zorlay\u0131c\u0131 olsa bile tecr\u00fcbeli personeller sayesinde e\u015fyalar\u0131n\u0131z  sorunsuz bir \u015fekilde ta\u015f\u0131nmaktad\u0131r . E\u015fyalar\u0131n\u0131za uygun paketleme malzemeleri ile  titizlikle ve \u00f6zenli  bir \u015fekilde yap\u0131lmaktad\u0131r. Paketleme sonucunda e\u015fyalar\u0131n\u0131za uygun ara\u00e7 g\u00f6nderilmektedir .Ve g\u00f6nderilen araca e\u015fyalar\u0131n\u0131z y\u00fcklenir ve istedi\u011finiz \u015fehir e e\u015fyalar\u0131n\u0131z ula\u015ft\u0131r\u0131lmaktad\u0131r . Uzun yol oldu\u011fu i\u00e7in  e\u015fyalar\u0131n\u0131za sigorta kapsam\u0131na girmektedir . E\u015fyalar\u0131n\u0131z\u0131n zarar g\u00f6rmemesi i\u00e7in elimizden geleni yapmaktay\u0131z . Aksi taktir de e\u015fyalar\u0131n\u0131z herhangi bir k\u0131r\u0131k veya \u00e7izikte  sigorta kar\u015f\u0131lamaktad\u0131r .<\/p>\n\n\n\n<h2 class=\"wp-block-heading\"> \u015eehirleraras\u0131 E\u015fya Depolama<\/h2>\n\n\n\n<p>Saydam expres olarak \u015fehirleraras\u0131 depolama hizmeti de vermekteyiz .  E\u015fya depolama  hizmetimiz ile e\u015fyalar\u0131n\u0131z\u0131 g\u00fcvence alt\u0131na almaktay\u0131z . E\u015fyalar\u0131n\u0131z zarar g\u00f6rmeden g\u00fcvenli ve temiz  bir ta\u015f\u0131mac\u0131l\u0131k gerektirir. Bizler i\u00e7in m\u00fc\u015fteri memnuniyeti \u00f6nemlidir .  E\u015fyalar\u0131n\u0131z sizin i\u00e7in ne kadar de\u011ferli ise bizler i\u00e7inde o kadar de\u011ferlidir . Depolama alanlar\u0131m\u0131z  belirli saatlerde  havaland\u0131r\u0131lmaktad\u0131r \u00e7\u00fcnk\u00fc e\u015fyalar\u0131n\u0131z rutubetli ve havas\u0131z ortamda muhafaza edilirken zarar g\u00f6rmemesi i\u00e7indir . Ayr\u0131ca e\u015fyalar\u0131n\u0131z\u0131n giri\u015f ve \u00e7\u0131k\u0131\u015f\u0131ndan sonra ila\u00e7lama yap\u0131lmaktad\u0131r .<\/p>\n\n\n\n<h2 class=\"wp-block-heading\">\u015eehirleraras\u0131 Ofis Ta\u015f\u0131mac\u0131l\u0131k<\/h2>\n\n\n\n<p><\/p>\n\n\n\n<p>\u015eehirleraras\u0131 ofis ta\u015f\u0131mac\u0131l\u0131kta da sekt\u00f6r\u00fcn \u00f6nde gelen hizmetlerinden biridir. Firmam\u0131z fazlas\u0131yla dikkatli ve h\u0131zl\u0131 bir hizmet sunmaktad\u0131r. Firma olarak g\u00fcven veren bir firmay\u0131z . Ofis ta\u015f\u0131mac\u0131l\u0131kta evrak ve dosyalar\u0131n\u0131z \u00f6zenle paketlenmesi yap\u0131l\u0131r . E\u015fyalar\u0131n\u0131z kar\u0131\u015ft\u0131r\u0131lmamaktad\u0131r verildi\u011fi gibi geri sizlere sunmaktay\u0131z . Tabi e\u015fyalar\u0131n\u0131za uygun ara\u00e7 ile ta\u015f\u0131nma ger\u00e7ekle\u015fir . \u015eehirleraras\u0131 ofisinizi ta\u015f\u0131d\u0131\u011f\u0131m\u0131zda e\u015fyalar\u0131n\u0131z\u0131n zarar g\u00f6rme ihtimali azd\u0131r tabi e\u011fer e\u015fyalar\u0131n\u0131z aras\u0131nda k\u0131r\u0131lacak e\u015fyalar var ise ona g\u00f6re paketlemesi yap\u0131lmaktad\u0131r . <\/p>\n\n\n\n<h2 class=\"wp-block-heading\">\u015eehirleraras\u0131 Asans\u00f6rl\u00fc Ta\u015f\u0131mac\u0131l\u0131k<\/h2>\n\n\n\n<p>Asans\u00f6rl\u00fc ta\u015f\u0131mac\u0131l\u0131k art\u0131k daha \u00e7ok tercih edilmektedir. Bunun nedeni baz\u0131 apartmanlar\u0131n \u00e7ok katl\u0131 olmas\u0131d\u0131r . B\u00f6yle apartmanlar\u0131n ya da i\u015fyerlerinin y\u00fcksek olmas\u0131 ta\u015f\u0131mac\u0131l\u0131\u011f\u0131 zorlu hale getirebiliyor . Ama sizler saydam expres ile profesyonel bir ta\u015f\u0131mac\u0131l\u0131k istiyor iseniz  bizlere ula\u015fabilirsiniz ve f\u0131rsatlardan yaralanabilirsiniz . E\u015fyalar\u0131n\u0131z \u00f6zenle paketlenmesi yap\u0131ld\u0131ktan sonra asans\u00f6r yard\u0131m\u0131 ile indirilmektedir . araca y\u00fcklenen e\u015fyalar\u0131n\u0131z istedi\u011finiz \u015fehir e do\u011fru yol al\u0131r .E\u015fyalar\u0131n\u0131z zarar g\u00f6rmemesi i\u00e7in gereken \u00f6nlemler al\u0131n\u0131r. Tabi bu esnada asans\u00f6r\u00fcm\u00fczde orada olacakt\u0131r ve asans\u00f6r\u00fcm\u00fcz sayesinde e\u015fyalar\u0131n\u0131z geri belirlemi\u015f oldu\u011funuz binaya y\u00fcklemesi yap\u0131lmaktad\u0131r .  <\/p>\n\n\n\n<p><\/p>\n\n\n\n<p><\/p>\n\n\n\n<p><\/p>\n\n\n\n<p><\/p>\n","protected":false},"excerpt":{"rendered":"<p>Saydam expres olarak t\u00fcm T\u00fcrkiye de m\u00fc\u015fterilerimize hizmet vermekteyiz . \u015eehirler aras\u0131 ta\u015f\u0131mac\u0131l\u0131k olarak en \u00e7ok tercih edilen firmalar aras\u0131nday\u0131z .Bir \u015fehirden ba\u015fka bir \u015fehir e ta\u015f\u0131nmak zorlay\u0131c\u0131 olsa bile tecr\u00fcbeli personeller sayesinde e\u015fyalar\u0131n\u0131z sorunsuz bir \u015fekilde ta\u015f\u0131nmaktad\u0131r . E\u015fyalar\u0131n\u0131za uygun paketleme malzemeleri ile titizlikle ve \u00f6zenli bir \u015fekilde yap\u0131lmaktad\u0131r. Paketleme sonucunda e\u015fyalar\u0131n\u0131za uygun ara\u00e7 [&hellip;]<\/p>\n","protected":false},"author":1,"featured_media":341,"comment_status":"open","ping_status":"open","sticky":false,"template":"","format":"standard","meta":{"_joinchat":[],"footnotes":""},"categories":[1],"tags":[],"class_list":["post-386","post","type-post","status-publish","format-standard","has-post-thumbnail","hentry","category-hizmetlerimiz"],"yoast_head":"<!-- This site is optimized with the Yoast SEO plugin v19.14 - https:\/\/yoast.com\/wordpress\/plugins\/seo\/ -->\n<title>\u015eehirleraras\u0131 Nakliyat - Ankara Evden Eve Nakliyat<\/title>\n<meta name=\"description\" content=\"Saydam expres olarak \u015fehirleraras\u0131 ta\u015f\u0131mac\u0131l\u0131\u011f\u0131 da sunmaktay\u0131z . f\u0131rsatlar\u0131m\u0131zdan yararlanmak i\u00e7in bizlere ula\u015fman\u0131z yeterlidir.\" \/>\n<meta name=\"robots\" content=\"index, follow, max-snippet:-1, max-image-preview:large, max-video-preview:-1\" \/>\n<link rel=\"canonical\" href=\"https:\/\/saydamexpres.com\/index.php\/2021\/12\/15\/sehirlerarasi-nakliyat\/\" \/>\n<meta property=\"og:locale\" content=\"tr_TR\" \/>\n<meta property=\"og:type\" content=\"article\" \/>\n<meta property=\"og:title\" content=\"\u015eehirleraras\u0131 Nakliyat - Ankara Evden Eve Nakliyat\" \/>\n<meta property=\"og:description\" content=\"Saydam expres olarak \u015fehirleraras\u0131 ta\u015f\u0131mac\u0131l\u0131\u011f\u0131 da sunmaktay\u0131z . f\u0131rsatlar\u0131m\u0131zdan yararlanmak i\u00e7in bizlere ula\u015fman\u0131z yeterlidir.\" \/>\n<meta property=\"og:url\" content=\"https:\/\/saydamexpres.com\/index.php\/2021\/12\/15\/sehirlerarasi-nakliyat\/\" \/>\n<meta property=\"og:site_name\" content=\"Ankara Evden Eve Nakliyat\" \/>\n<meta property=\"article:published_time\" content=\"2021-12-15T17:56:09+00:00\" \/>\n<meta property=\"article:modified_time\" content=\"2021-12-16T13:14:24+00:00\" \/>\n<meta property=\"og:image\" content=\"https:\/\/saydamexpres.com\/wp-content\/uploads\/2021\/11\/WhatsApp-Image-2021-10-18-at-14.17.36-1.jpeg\" \/>\n\t<meta property=\"og:image:width\" content=\"1440\" \/>\n\t<meta property=\"og:image:height\" content=\"1440\" \/>\n\t<meta property=\"og:image:type\" content=\"image\/jpeg\" \/>\n<meta name=\"author\" content=\"saydamadmin\" \/>\n<meta name=\"twitter:card\" content=\"summary_large_image\" \/>\n<meta name=\"twitter:label1\" content=\"Yazan:\" \/>\n\t<meta name=\"twitter:data1\" content=\"saydamadmin\" \/>\n\t<meta name=\"twitter:label2\" content=\"Tahmini okuma s\u00fcresi\" \/>\n\t<meta name=\"twitter:data2\" content=\"2 dakika\" \/>\n<script type=\"application\/ld+json\" class=\"yoast-schema-graph\">{\"@context\":\"https:\/\/schema.org\",\"@graph\":[{\"@type\":\"WebPage\",\"@id\":\"https:\/\/saydamexpres.com\/index.php\/2021\/12\/15\/sehirlerarasi-nakliyat\/\",\"url\":\"https:\/\/saydamexpres.com\/index.php\/2021\/12\/15\/sehirlerarasi-nakliyat\/\",\"name\":\"\u015eehirleraras\u0131 Nakliyat - Ankara Evden Eve Nakliyat\",\"isPartOf\":{\"@id\":\"https:\/\/saydamexpres.com\/#website\"},\"datePublished\":\"2021-12-15T17:56:09+00:00\",\"dateModified\":\"2021-12-16T13:14:24+00:00\",\"author\":{\"@id\":\"https:\/\/saydamexpres.com\/#\/schema\/person\/dad2575c85def6971525b40053fe986f\"},\"description\":\"Saydam expres olarak \u015fehirleraras\u0131 ta\u015f\u0131mac\u0131l\u0131\u011f\u0131 da sunmaktay\u0131z . f\u0131rsatlar\u0131m\u0131zdan yararlanmak i\u00e7in bizlere ula\u015fman\u0131z yeterlidir.\",\"breadcrumb\":{\"@id\":\"https:\/\/saydamexpres.com\/index.php\/2021\/12\/15\/sehirlerarasi-nakliyat\/#breadcrumb\"},\"inLanguage\":\"tr\",\"potentialAction\":[{\"@type\":\"ReadAction\",\"target\":[\"https:\/\/saydamexpres.com\/index.php\/2021\/12\/15\/sehirlerarasi-nakliyat\/\"]}]},{\"@type\":\"BreadcrumbList\",\"@id\":\"https:\/\/saydamexpres.com\/index.php\/2021\/12\/15\/sehirlerarasi-nakliyat\/#breadcrumb\",\"itemListElement\":[{\"@type\":\"ListItem\",\"position\":1,\"name\":\"Anasayfa\",\"item\":\"https:\/\/saydamexpres.com\/\"},{\"@type\":\"ListItem\",\"position\":2,\"name\":\"\u015eehirleraras\u0131 Nakliyat\"}]},{\"@type\":\"WebSite\",\"@id\":\"https:\/\/saydamexpres.com\/#website\",\"url\":\"https:\/\/saydamexpres.com\/\",\"name\":\"Ankara Evden Eve Nakliyat\",\"description\":\"Asans\u00f6rl\u00fc Nakliyat\",\"potentialAction\":[{\"@type\":\"SearchAction\",\"target\":{\"@type\":\"EntryPoint\",\"urlTemplate\":\"https:\/\/saydamexpres.com\/?s={search_term_string}\"},\"query-input\":\"required name=search_term_string\"}],\"inLanguage\":\"tr\"},{\"@type\":\"Person\",\"@id\":\"https:\/\/saydamexpres.com\/#\/schema\/person\/dad2575c85def6971525b40053fe986f\",\"name\":\"saydamadmin\",\"image\":{\"@type\":\"ImageObject\",\"inLanguage\":\"tr\",\"@id\":\"https:\/\/saydamexpres.com\/#\/schema\/person\/image\/\",\"url\":\"https:\/\/secure.gravatar.com\/avatar\/089ed29f8ad9eb984a1f32b22cfb699b4170eee3939b4f2dbddfed0e3369c917?s=96&d=mm&r=g\",\"contentUrl\":\"https:\/\/secure.gravatar.com\/avatar\/089ed29f8ad9eb984a1f32b22cfb699b4170eee3939b4f2dbddfed0e3369c917?s=96&d=mm&r=g\",\"caption\":\"saydamadmin\"},\"sameAs\":[\"https:\/\/saydamexpres.com\"],\"url\":\"https:\/\/saydamexpres.com\/index.php\/author\/saydamadmin\/\"}]}<\/script>\n<!-- \/ Yoast SEO plugin. -->","yoast_head_json":{"title":"\u015eehirleraras\u0131 Nakliyat - Ankara Evden Eve Nakliyat","description":"Saydam expres olarak \u015fehirleraras\u0131 ta\u015f\u0131mac\u0131l\u0131\u011f\u0131 da sunmaktay\u0131z . f\u0131rsatlar\u0131m\u0131zdan yararlanmak i\u00e7in bizlere ula\u015fman\u0131z yeterlidir.","robots":{"index":"index","follow":"follow","max-snippet":"max-snippet:-1","max-image-preview":"max-image-preview:large","max-video-preview":"max-video-preview:-1"},"canonical":"https:\/\/saydamexpres.com\/index.php\/2021\/12\/15\/sehirlerarasi-nakliyat\/","og_locale":"tr_TR","og_type":"article","og_title":"\u015eehirleraras\u0131 Nakliyat - Ankara Evden Eve Nakliyat","og_description":"Saydam expres olarak \u015fehirleraras\u0131 ta\u015f\u0131mac\u0131l\u0131\u011f\u0131 da sunmaktay\u0131z . f\u0131rsatlar\u0131m\u0131zdan yararlanmak i\u00e7in bizlere ula\u015fman\u0131z yeterlidir.","og_url":"https:\/\/saydamexpres.com\/index.php\/2021\/12\/15\/sehirlerarasi-nakliyat\/","og_site_name":"Ankara Evden Eve Nakliyat","article_published_time":"2021-12-15T17:56:09+00:00","article_modified_time":"2021-12-16T13:14:24+00:00","og_image":[{"width":1440,"height":1440,"url":"https:\/\/saydamexpres.com\/wp-content\/uploads\/2021\/11\/WhatsApp-Image-2021-10-18-at-14.17.36-1.jpeg","type":"image\/jpeg"}],"author":"saydamadmin","twitter_card":"summary_large_image","twitter_misc":{"Yazan:":"saydamadmin","Tahmini okuma s\u00fcresi":"2 dakika"},"schema":{"@context":"https:\/\/schema.org","@graph":[{"@type":"WebPage","@id":"https:\/\/saydamexpres.com\/index.php\/2021\/12\/15\/sehirlerarasi-nakliyat\/","url":"https:\/\/saydamexpres.com\/index.php\/2021\/12\/15\/sehirlerarasi-nakliyat\/","name":"\u015eehirleraras\u0131 Nakliyat - Ankara Evden Eve Nakliyat","isPartOf":{"@id":"https:\/\/saydamexpres.com\/#website"},"datePublished":"2021-12-15T17:56:09+00:00","dateModified":"2021-12-16T13:14:24+00:00","author":{"@id":"https:\/\/saydamexpres.com\/#\/schema\/person\/dad2575c85def6971525b40053fe986f"},"description":"Saydam expres olarak \u015fehirleraras\u0131 ta\u015f\u0131mac\u0131l\u0131\u011f\u0131 da sunmaktay\u0131z . f\u0131rsatlar\u0131m\u0131zdan yararlanmak i\u00e7in bizlere ula\u015fman\u0131z yeterlidir.","breadcrumb":{"@id":"https:\/\/saydamexpres.com\/index.php\/2021\/12\/15\/sehirlerarasi-nakliyat\/#breadcrumb"},"inLanguage":"tr","potentialAction":[{"@type":"ReadAction","target":["https:\/\/saydamexpres.com\/index.php\/2021\/12\/15\/sehirlerarasi-nakliyat\/"]}]},{"@type":"BreadcrumbList","@id":"https:\/\/saydamexpres.com\/index.php\/2021\/12\/15\/sehirlerarasi-nakliyat\/#breadcrumb","itemListElement":[{"@type":"ListItem","position":1,"name":"Anasayfa","item":"https:\/\/saydamexpres.com\/"},{"@type":"ListItem","position":2,"name":"\u015eehirleraras\u0131 Nakliyat"}]},{"@type":"WebSite","@id":"https:\/\/saydamexpres.com\/#website","url":"https:\/\/saydamexpres.com\/","name":"Ankara Evden Eve Nakliyat","description":"Asans\u00f6rl\u00fc Nakliyat","potentialAction":[{"@type":"SearchAction","target":{"@type":"EntryPoint","urlTemplate":"https:\/\/saydamexpres.com\/?s={search_term_string}"},"query-input":"required name=search_term_string"}],"inLanguage":"tr"},{"@type":"Person","@id":"https:\/\/saydamexpres.com\/#\/schema\/person\/dad2575c85def6971525b40053fe986f","name":"saydamadmin","image":{"@type":"ImageObject","inLanguage":"tr","@id":"https:\/\/saydamexpres.com\/#\/schema\/person\/image\/","url":"https:\/\/secure.gravatar.com\/avatar\/089ed29f8ad9eb984a1f32b22cfb699b4170eee3939b4f2dbddfed0e3369c917?s=96&d=mm&r=g","contentUrl":"https:\/\/secure.gravatar.com\/avatar\/089ed29f8ad9eb984a1f32b22cfb699b4170eee3939b4f2dbddfed0e3369c917?s=96&d=mm&r=g","caption":"saydamadmin"},"sameAs":["https:\/\/saydamexpres.com"],"url":"https:\/\/saydamexpres.com\/index.php\/author\/saydamadmin\/"}]}},"_links":{"self":[{"href":"https:\/\/saydamexpres.com\/index.php\/wp-json\/wp\/v2\/posts\/386","targetHints":{"allow":["GET"]}}],"collection":[{"href":"https:\/\/saydamexpres.com\/index.php\/wp-json\/wp\/v2\/posts"}],"about":[{"href":"https:\/\/saydamexpres.com\/index.php\/wp-json\/wp\/v2\/types\/post"}],"author":[{"embeddable":true,"href":"https:\/\/saydamexpres.com\/index.php\/wp-json\/wp\/v2\/users\/1"}],"replies":[{"embeddable":true,"href":"https:\/\/saydamexpres.com\/index.php\/wp-json\/wp\/v2\/comments?post=386"}],"version-history":[{"count":1,"href":"https:\/\/saydamexpres.com\/index.php\/wp-json\/wp\/v2\/posts\/386\/revisions"}],"predecessor-version":[{"id":388,"href":"https:\/\/saydamexpres.com\/index.php\/wp-json\/wp\/v2\/posts\/386\/revisions\/388"}],"wp:featuredmedia":[{"embeddable":true,"href":"https:\/\/saydamexpres.com\/index.php\/wp-json\/wp\/v2\/media\/341"}],"wp:attachment":[{"href":"https:\/\/saydamexpres.com\/index.php\/wp-json\/wp\/v2\/media?parent=386"}],"wp:term":[{"taxonomy":"category","embeddable":true,"href":"https:\/\/saydamexpres.com\/index.php\/wp-json\/wp\/v2\/categories?post=386"},{"taxonomy":"post_tag","embeddable":true,"href":"https:\/\/saydamexpres.com\/index.php\/wp-json\/wp\/v2\/tags?post=386"}],"curies":[{"name":"wp","href":"https:\/\/api.w.org\/{rel}","templated":true}]}}